{"id":26419,"date":"2023-11-30T13:00:06","date_gmt":"2023-11-30T12:00:06","guid":{"rendered":"http:\/\/www.durbuyrock.be\/?p=26419"},"modified":"2023-11-29T17:00:07","modified_gmt":"2023-11-29T16:00:07","slug":"on-revient-avec-une-pepite-belge-raum","status":"publish","type":"post","link":"http:\/\/www.durbuyrock.be\/nl\/on-revient-avec-une-pepite-belge-raum\/","title":{"rendered":"We terug met een Belgische band : R\u00c4UM!"},"content":{"rendered":"<div class=\"\" data-block=\"true\" data-editor=\"h570\" data-offset-key=\"7c65g-0-0\">\n<div class=\"_1mf _1mj\" style=\"text-align: center;\" data-offset-key=\"7c65g-0-0\"><span data-offset-key=\"7c65g-0-0\"> <\/span><\/p>\n<p style=\"text-align: center;\">Vandaag komen we terug met een Belgische nugget: R\u00c4UM!<\/p>\n<p>&nbsp;<\/p>\n<p style=\"text-align: center;\">We ontdekten ze vorig jaar tijdens de springplanken van de 26e editie en ze vielen ons op met een grote, vrij rauwe post-black sound. We aarzelen dus niet om ze aan jullie aan te bieden samen met de rest van de loodzware line-up voor vrijdag!<\/p>\n<\/div>","protected":false},"excerpt":{"rendered":"<p>Vandaag komen we terug met een Belgische nugget: R\u00c4UM! &nbsp; We [&hellip;]<\/p>\n","protected":false},"author":10,"featured_media":26420,"comment_status":"closed","ping_status":"closed","sticky":false,"template":"","format":"standard","meta":{"_mi_skip_tracking":false,"footnotes":""},"categories":[3],"tags":[],"acf":[],"yoast_head":"<!-- This site is optimized with the Yoast SEO plugin v17.4 - https:\/\/yoast.com\/wordpress\/plugins\/seo\/ -->\n<title>We terug met een Belgische band : R\u00c4UM! - Durbuy Rock Festival<\/title>\n<meta name=\"robots\" content=\"index, follow, max-snippet:-1, max-image-preview:large, max-video-preview:-1\" \/>\n<link rel=\"canonical\" href=\"https:\/\/www.durbuyrock.be\/en\/on-revient-avec-une-pepite-belge-raum\/\" \/>\n<meta property=\"og:locale\" content=\"nl_NL\" \/>\n<meta property=\"og:type\" content=\"article\" \/>\n<meta property=\"og:title\" content=\"[:fr]On revient avec une p\u00e9pite belge : R\u00c4UM ![:en]We come back with a Belgian rising band : R\u00c4UM![:nl]We terug met een Belgische band : R\u00c4UM![:] - Durbuy Rock Festival\" \/>\n<meta property=\"og:description\" content=\"Vandaag komen we terug met een Belgische nugget: R\u00c4UM! &nbsp; We [&hellip;]\" \/>\n<meta property=\"og:url\" content=\"https:\/\/www.durbuyrock.be\/en\/on-revient-avec-une-pepite-belge-raum\/\" \/>\n<meta property=\"og:site_name\" content=\"Durbuy Rock Festival\" \/>\n<meta property=\"article:published_time\" content=\"2023-11-30T12:00:06+00:00\" \/>\n<meta property=\"article:modified_time\" content=\"2023-11-29T16:00:07+00:00\" \/>\n<meta property=\"og:image\" content=\"http:\/\/www.durbuyrock.be\/wp-content\/uploads\/2023\/11\/DRF-24-Annonce-Raum.jpg\" \/>\n\t<meta property=\"og:image:width\" content=\"1000\" \/>\n\t<meta property=\"og:image:height\" content=\"1000\" \/>\n<meta name=\"twitter:card\" content=\"summary_large_image\" \/>\n<meta name=\"twitter:label1\" content=\"Geschreven door\" \/>\n\t<meta name=\"twitter:data1\" content=\"Jack\" \/>\n\t<meta name=\"twitter:label2\" content=\"Geschatte leestijd\" \/>\n\t<meta name=\"twitter:data2\" content=\"1 minuut\" \/>\n<script type=\"application\/ld+json\" class=\"yoast-schema-graph\">{\"@context\":\"https:\/\/schema.org\",\"@graph\":[{\"@type\":\"WebSite\",\"@id\":\"http:\/\/www.durbuyrock.be\/#website\",\"url\":\"http:\/\/www.durbuyrock.be\/\",\"name\":\"Durbuy Rock Festival\",\"description\":\"\",\"potentialAction\":[{\"@type\":\"SearchAction\",\"target\":{\"@type\":\"EntryPoint\",\"urlTemplate\":\"http:\/\/www.durbuyrock.be\/?s={search_term_string}\"},\"query-input\":\"required name=search_term_string\"}],\"inLanguage\":\"nl-NL\"},{\"@type\":\"ImageObject\",\"@id\":\"https:\/\/www.durbuyrock.be\/en\/on-revient-avec-une-pepite-belge-raum\/#primaryimage\",\"inLanguage\":\"nl-NL\",\"url\":\"http:\/\/www.durbuyrock.be\/wp-content\/uploads\/2023\/11\/DRF-24-Annonce-Raum.jpg\",\"contentUrl\":\"http:\/\/www.durbuyrock.be\/wp-content\/uploads\/2023\/11\/DRF-24-Annonce-Raum.jpg\",\"width\":\"1000\",\"height\":\"1000\"},{\"@type\":\"WebPage\",\"@id\":\"https:\/\/www.durbuyrock.be\/en\/on-revient-avec-une-pepite-belge-raum\/#webpage\",\"url\":\"https:\/\/www.durbuyrock.be\/en\/on-revient-avec-une-pepite-belge-raum\/\",\"name\":\"[:fr]On revient avec une p\\u00e9pite belge : R\\u00c4UM ![:en]We come back with a Belgian rising band : R\\u00c4UM![:nl]We terug met een Belgische band : R\\u00c4UM![:] - Durbuy Rock Festival\",\"isPartOf\":{\"@id\":\"http:\/\/www.durbuyrock.be\/#website\"},\"primaryImageOfPage\":{\"@id\":\"https:\/\/www.durbuyrock.be\/en\/on-revient-avec-une-pepite-belge-raum\/#primaryimage\"},\"datePublished\":\"2023-11-30T12:00:06+00:00\",\"dateModified\":\"2023-11-29T16:00:07+00:00\",\"author\":{\"@id\":\"http:\/\/www.durbuyrock.be\/#\/schema\/person\/424202f24347cb2e5e98f0f404df1cac\"},\"breadcrumb\":{\"@id\":\"https:\/\/www.durbuyrock.be\/en\/on-revient-avec-une-pepite-belge-raum\/#breadcrumb\"},\"inLanguage\":\"nl-NL\",\"potentialAction\":[{\"@type\":\"ReadAction\",\"target\":[\"https:\/\/www.durbuyrock.be\/en\/on-revient-avec-une-pepite-belge-raum\/\"]}]},{\"@type\":\"BreadcrumbList\",\"@id\":\"https:\/\/www.durbuyrock.be\/en\/on-revient-avec-une-pepite-belge-raum\/#breadcrumb\",\"itemListElement\":[{\"@type\":\"ListItem\",\"position\":1,\"name\":\"Accueil\",\"item\":\"http:\/\/www.durbuyrock.be\/\"},{\"@type\":\"ListItem\",\"position\":2,\"name\":\"We terug met een Belgische band : R\\u00c4UM!\"}]},{\"@type\":\"Person\",\"@id\":\"http:\/\/www.durbuyrock.be\/#\/schema\/person\/424202f24347cb2e5e98f0f404df1cac\",\"name\":\"Jack\",\"image\":{\"@type\":\"ImageObject\",\"@id\":\"http:\/\/www.durbuyrock.be\/#personlogo\",\"inLanguage\":\"nl-NL\",\"url\":\"http:\/\/2.gravatar.com\/avatar\/bb2fd4864196d4fe47623af42f741708?s=96&d=mm&r=g\",\"contentUrl\":\"http:\/\/2.gravatar.com\/avatar\/bb2fd4864196d4fe47623af42f741708?s=96&d=mm&r=g\",\"caption\":\"Jack\"},\"url\":\"http:\/\/www.durbuyrock.be\/nl\/author\/jack\/\"}]}<\/script>\n<!-- \/ Yoast SEO plugin. -->","yoast_head_json":{"title":"[:fr]On revient avec une p\u00e9pite belge : R\u00c4UM ![:en]We come back with a Belgian rising band : R\u00c4UM![:nl]We terug met een Belgische band : R\u00c4UM![:] - Durbuy Rock Festival","robots":{"index":"index","follow":"follow","max-snippet":"max-snippet:-1","max-image-preview":"max-image-preview:large","max-video-preview":"max-video-preview:-1"},"canonical":"https:\/\/www.durbuyrock.be\/en\/on-revient-avec-une-pepite-belge-raum\/","og_locale":"nl_NL","og_type":"article","og_title":"[:fr]On revient avec une p\u00e9pite belge : R\u00c4UM ![:en]We come back with a Belgian rising band : R\u00c4UM![:nl]We terug met een Belgische band : R\u00c4UM![:] - Durbuy Rock Festival","og_description":"Vandaag komen we terug met een Belgische nugget: R\u00c4UM! &nbsp; We [&hellip;]","og_url":"https:\/\/www.durbuyrock.be\/en\/on-revient-avec-une-pepite-belge-raum\/","og_site_name":"Durbuy Rock Festival","article_published_time":"2023-11-30T12:00:06+00:00","article_modified_time":"2023-11-29T16:00:07+00:00","og_image":[{"width":"1000","height":"1000","url":"http:\/\/www.durbuyrock.be\/wp-content\/uploads\/2023\/11\/DRF-24-Annonce-Raum.jpg","type":"image\/jpeg"}],"twitter_card":"summary_large_image","twitter_misc":{"Geschreven door":"Jack","Geschatte leestijd":"1 minuut"},"schema":{"@context":"https:\/\/schema.org","@graph":[{"@type":"WebSite","@id":"http:\/\/www.durbuyrock.be\/#website","url":"http:\/\/www.durbuyrock.be\/","name":"Durbuy Rock Festival","description":"","potentialAction":[{"@type":"SearchAction","target":{"@type":"EntryPoint","urlTemplate":"http:\/\/www.durbuyrock.be\/?s={search_term_string}"},"query-input":"required name=search_term_string"}],"inLanguage":"nl-NL"},{"@type":"ImageObject","@id":"https:\/\/www.durbuyrock.be\/en\/on-revient-avec-une-pepite-belge-raum\/#primaryimage","inLanguage":"nl-NL","url":"http:\/\/www.durbuyrock.be\/wp-content\/uploads\/2023\/11\/DRF-24-Annonce-Raum.jpg","contentUrl":"http:\/\/www.durbuyrock.be\/wp-content\/uploads\/2023\/11\/DRF-24-Annonce-Raum.jpg","width":"1000","height":"1000"},{"@type":"WebPage","@id":"https:\/\/www.durbuyrock.be\/en\/on-revient-avec-une-pepite-belge-raum\/#webpage","url":"https:\/\/www.durbuyrock.be\/en\/on-revient-avec-une-pepite-belge-raum\/","name":"[:fr]On revient avec une p\u00e9pite belge : R\u00c4UM ![:en]We come back with a Belgian rising band : R\u00c4UM![:nl]We terug met een Belgische band : R\u00c4UM![:] - Durbuy Rock Festival","isPartOf":{"@id":"http:\/\/www.durbuyrock.be\/#website"},"primaryImageOfPage":{"@id":"https:\/\/www.durbuyrock.be\/en\/on-revient-avec-une-pepite-belge-raum\/#primaryimage"},"datePublished":"2023-11-30T12:00:06+00:00","dateModified":"2023-11-29T16:00:07+00:00","author":{"@id":"http:\/\/www.durbuyrock.be\/#\/schema\/person\/424202f24347cb2e5e98f0f404df1cac"},"breadcrumb":{"@id":"https:\/\/www.durbuyrock.be\/en\/on-revient-avec-une-pepite-belge-raum\/#breadcrumb"},"inLanguage":"nl-NL","potentialAction":[{"@type":"ReadAction","target":["https:\/\/www.durbuyrock.be\/en\/on-revient-avec-une-pepite-belge-raum\/"]}]},{"@type":"BreadcrumbList","@id":"https:\/\/www.durbuyrock.be\/en\/on-revient-avec-une-pepite-belge-raum\/#breadcrumb","itemListElement":[{"@type":"ListItem","position":1,"name":"Accueil","item":"http:\/\/www.durbuyrock.be\/"},{"@type":"ListItem","position":2,"name":"We terug met een Belgische band : R\u00c4UM!"}]},{"@type":"Person","@id":"http:\/\/www.durbuyrock.be\/#\/schema\/person\/424202f24347cb2e5e98f0f404df1cac","name":"Jack","image":{"@type":"ImageObject","@id":"http:\/\/www.durbuyrock.be\/#personlogo","inLanguage":"nl-NL","url":"http:\/\/2.gravatar.com\/avatar\/bb2fd4864196d4fe47623af42f741708?s=96&d=mm&r=g","contentUrl":"http:\/\/2.gravatar.com\/avatar\/bb2fd4864196d4fe47623af42f741708?s=96&d=mm&r=g","caption":"Jack"},"url":"http:\/\/www.durbuyrock.be\/nl\/author\/jack\/"}]}},"_links":{"self":[{"href":"http:\/\/www.durbuyrock.be\/nl\/wp-json\/wp\/v2\/posts\/26419"}],"collection":[{"href":"http:\/\/www.durbuyrock.be\/nl\/wp-json\/wp\/v2\/posts"}],"about":[{"href":"http:\/\/www.durbuyrock.be\/nl\/wp-json\/wp\/v2\/types\/post"}],"author":[{"embeddable":true,"href":"http:\/\/www.durbuyrock.be\/nl\/wp-json\/wp\/v2\/users\/10"}],"replies":[{"embeddable":true,"href":"http:\/\/www.durbuyrock.be\/nl\/wp-json\/wp\/v2\/comments?post=26419"}],"version-history":[{"count":4,"href":"http:\/\/www.durbuyrock.be\/nl\/wp-json\/wp\/v2\/posts\/26419\/revisions"}],"predecessor-version":[{"id":26424,"href":"http:\/\/www.durbuyrock.be\/nl\/wp-json\/wp\/v2\/posts\/26419\/revisions\/26424"}],"wp:featuredmedia":[{"embeddable":true,"href":"http:\/\/www.durbuyrock.be\/nl\/wp-json\/wp\/v2\/media\/26420"}],"wp:attachment":[{"href":"http:\/\/www.durbuyrock.be\/nl\/wp-json\/wp\/v2\/media?parent=26419"}],"wp:term":[{"taxonomy":"category","embeddable":true,"href":"http:\/\/www.durbuyrock.be\/nl\/wp-json\/wp\/v2\/categories?post=26419"},{"taxonomy":"post_tag","embeddable":true,"href":"http:\/\/www.durbuyrock.be\/nl\/wp-json\/wp\/v2\/tags?post=26419"}],"curies":[{"name":"wp","href":"https:\/\/api.w.org\/{rel}","templated":true}]}}