{"id":29639,"date":"2024-10-10T15:11:13","date_gmt":"2024-10-10T13:11:13","guid":{"rendered":"http:\/\/www.durbuyrock.be\/?p=29639"},"modified":"2024-10-10T15:14:48","modified_gmt":"2024-10-10T13:14:48","slug":"voici-deja-notre-principale-tete-daffiche-pour-cette-28eme-edition","status":"publish","type":"post","link":"http:\/\/www.durbuyrock.be\/nl\/voici-deja-notre-principale-tete-daffiche-pour-cette-28eme-edition\/","title":{"rendered":"Hier is alvast onze belangrijkste headliner voor deze 28e editie"},"content":{"rendered":"<p><\/p>\n<p>Hier is alvast onze belangrijkste headliner voor deze 28e editie, een favoriete groep van de DRF die al een paar keer is gekomen (de laatste in september 2021, net na covid), en altijd met enorm succes, een van de beste folkgroepen\/metal ter wereld, dank aan Eluveitie\u00a0voor het gunnen van ons deze prachtige Belgische exclusiviteit dit voorjaar!<\/p>\n<p>&nbsp;<\/p>\n<p>","protected":false},"excerpt":{"rendered":"<p>Hier is alvast onze belangrijkste headliner voor deze 28e editie, een [&hellip;]<\/p>\n","protected":false},"author":10,"featured_media":29479,"comment_status":"closed","ping_status":"closed","sticky":false,"template":"","format":"standard","meta":{"_mi_skip_tracking":false,"footnotes":""},"categories":[3],"tags":[],"acf":[],"yoast_head":"<!-- This site is optimized with the Yoast SEO plugin v17.4 - https:\/\/yoast.com\/wordpress\/plugins\/seo\/ -->\n<title>Hier is alvast onze belangrijkste headliner voor deze 28e editie - Durbuy Rock Festival<\/title>\n<meta name=\"robots\" content=\"index, follow, max-snippet:-1, max-image-preview:large, max-video-preview:-1\" \/>\n<link rel=\"canonical\" href=\"https:\/\/www.durbuyrock.be\/en\/voici-deja-notre-principale-tete-daffiche-pour-cette-28eme-edition\/\" \/>\n<meta property=\"og:locale\" content=\"nl_NL\" \/>\n<meta property=\"og:type\" content=\"article\" \/>\n<meta property=\"og:title\" content=\"[:fr]Voici d\u00e9j\u00e0 notre principale t\u00eate d&#039;affiche pour cette 28\u00e9me \u00e9dition[:en]Here is already our main headliner for this 28th edition[:nl]Hier is alvast onze belangrijkste headliner voor deze 28e editie[:] - Durbuy Rock Festival\" \/>\n<meta property=\"og:description\" content=\"Hier is alvast onze belangrijkste headliner voor deze 28e editie, een [&hellip;]\" \/>\n<meta property=\"og:url\" content=\"https:\/\/www.durbuyrock.be\/en\/voici-deja-notre-principale-tete-daffiche-pour-cette-28eme-edition\/\" \/>\n<meta property=\"og:site_name\" content=\"Durbuy Rock Festival\" \/>\n<meta property=\"article:published_time\" content=\"2024-10-10T13:11:13+00:00\" \/>\n<meta property=\"article:modified_time\" content=\"2024-10-10T13:14:48+00:00\" \/>\n<meta property=\"og:image\" content=\"https:\/\/www.durbuyrock.be\/wp-content\/uploads\/2024\/09\/Eluveitie-DRF-2025-v2.jpg\" \/>\n\t<meta property=\"og:image:width\" content=\"1000\" \/>\n\t<meta property=\"og:image:height\" content=\"1000\" \/>\n<meta name=\"twitter:card\" content=\"summary_large_image\" \/>\n<meta name=\"twitter:label1\" content=\"Geschreven door\" \/>\n\t<meta name=\"twitter:data1\" content=\"Jack\" \/>\n\t<meta name=\"twitter:label2\" content=\"Geschatte leestijd\" \/>\n\t<meta name=\"twitter:data2\" content=\"1 minuut\" \/>\n<script type=\"application\/ld+json\" class=\"yoast-schema-graph\">{\"@context\":\"https:\/\/schema.org\",\"@graph\":[{\"@type\":\"WebSite\",\"@id\":\"http:\/\/www.durbuyrock.be\/#website\",\"url\":\"http:\/\/www.durbuyrock.be\/\",\"name\":\"Durbuy Rock Festival\",\"description\":\"\",\"potentialAction\":[{\"@type\":\"SearchAction\",\"target\":{\"@type\":\"EntryPoint\",\"urlTemplate\":\"http:\/\/www.durbuyrock.be\/?s={search_term_string}\"},\"query-input\":\"required name=search_term_string\"}],\"inLanguage\":\"nl-NL\"},{\"@type\":\"ImageObject\",\"@id\":\"https:\/\/www.durbuyrock.be\/en\/voici-deja-notre-principale-tete-daffiche-pour-cette-28eme-edition\/#primaryimage\",\"inLanguage\":\"nl-NL\",\"url\":\"http:\/\/www.durbuyrock.be\/wp-content\/uploads\/2024\/09\/Eluveitie-DRF-2025-v2.jpg\",\"contentUrl\":\"http:\/\/www.durbuyrock.be\/wp-content\/uploads\/2024\/09\/Eluveitie-DRF-2025-v2.jpg\",\"width\":\"1000\",\"height\":\"1000\"},{\"@type\":\"WebPage\",\"@id\":\"https:\/\/www.durbuyrock.be\/en\/voici-deja-notre-principale-tete-daffiche-pour-cette-28eme-edition\/#webpage\",\"url\":\"https:\/\/www.durbuyrock.be\/en\/voici-deja-notre-principale-tete-daffiche-pour-cette-28eme-edition\/\",\"name\":\"[:fr]Voici d\\u00e9j\\u00e0 notre principale t\\u00eate d'affiche pour cette 28\\u00e9me \\u00e9dition[:en]Here is already our main headliner for this 28th edition[:nl]Hier is alvast onze belangrijkste headliner voor deze 28e editie[:] - Durbuy Rock Festival\",\"isPartOf\":{\"@id\":\"http:\/\/www.durbuyrock.be\/#website\"},\"primaryImageOfPage\":{\"@id\":\"https:\/\/www.durbuyrock.be\/en\/voici-deja-notre-principale-tete-daffiche-pour-cette-28eme-edition\/#primaryimage\"},\"datePublished\":\"2024-10-10T13:11:13+00:00\",\"dateModified\":\"2024-10-10T13:14:48+00:00\",\"author\":{\"@id\":\"http:\/\/www.durbuyrock.be\/#\/schema\/person\/424202f24347cb2e5e98f0f404df1cac\"},\"breadcrumb\":{\"@id\":\"https:\/\/www.durbuyrock.be\/en\/voici-deja-notre-principale-tete-daffiche-pour-cette-28eme-edition\/#breadcrumb\"},\"inLanguage\":\"nl-NL\",\"potentialAction\":[{\"@type\":\"ReadAction\",\"target\":[\"https:\/\/www.durbuyrock.be\/en\/voici-deja-notre-principale-tete-daffiche-pour-cette-28eme-edition\/\"]}]},{\"@type\":\"BreadcrumbList\",\"@id\":\"https:\/\/www.durbuyrock.be\/en\/voici-deja-notre-principale-tete-daffiche-pour-cette-28eme-edition\/#breadcrumb\",\"itemListElement\":[{\"@type\":\"ListItem\",\"position\":1,\"name\":\"Accueil\",\"item\":\"http:\/\/www.durbuyrock.be\/\"},{\"@type\":\"ListItem\",\"position\":2,\"name\":\"Here is already our main headliner for this 28th edition\"}]},{\"@type\":\"Person\",\"@id\":\"http:\/\/www.durbuyrock.be\/#\/schema\/person\/424202f24347cb2e5e98f0f404df1cac\",\"name\":\"Jack\",\"image\":{\"@type\":\"ImageObject\",\"@id\":\"http:\/\/www.durbuyrock.be\/#personlogo\",\"inLanguage\":\"nl-NL\",\"url\":\"http:\/\/2.gravatar.com\/avatar\/bb2fd4864196d4fe47623af42f741708?s=96&d=mm&r=g\",\"contentUrl\":\"http:\/\/2.gravatar.com\/avatar\/bb2fd4864196d4fe47623af42f741708?s=96&d=mm&r=g\",\"caption\":\"Jack\"},\"url\":\"http:\/\/www.durbuyrock.be\/nl\/author\/jack\/\"}]}<\/script>\n<!-- \/ Yoast SEO plugin. -->","yoast_head_json":{"title":"[:fr]Voici d\u00e9j\u00e0 notre principale t\u00eate d'affiche pour cette 28\u00e9me \u00e9dition[:en]Here is already our main headliner for this 28th edition[:nl]Hier is alvast onze belangrijkste headliner voor deze 28e editie[:] - Durbuy Rock Festival","robots":{"index":"index","follow":"follow","max-snippet":"max-snippet:-1","max-image-preview":"max-image-preview:large","max-video-preview":"max-video-preview:-1"},"canonical":"https:\/\/www.durbuyrock.be\/en\/voici-deja-notre-principale-tete-daffiche-pour-cette-28eme-edition\/","og_locale":"nl_NL","og_type":"article","og_title":"[:fr]Voici d\u00e9j\u00e0 notre principale t\u00eate d'affiche pour cette 28\u00e9me \u00e9dition[:en]Here is already our main headliner for this 28th edition[:nl]Hier is alvast onze belangrijkste headliner voor deze 28e editie[:] - Durbuy Rock Festival","og_description":"Hier is alvast onze belangrijkste headliner voor deze 28e editie, een [&hellip;]","og_url":"https:\/\/www.durbuyrock.be\/en\/voici-deja-notre-principale-tete-daffiche-pour-cette-28eme-edition\/","og_site_name":"Durbuy Rock Festival","article_published_time":"2024-10-10T13:11:13+00:00","article_modified_time":"2024-10-10T13:14:48+00:00","og_image":[{"width":"1000","height":"1000","url":"https:\/\/www.durbuyrock.be\/wp-content\/uploads\/2024\/09\/Eluveitie-DRF-2025-v2.jpg","type":"image\/jpeg"}],"twitter_card":"summary_large_image","twitter_misc":{"Geschreven door":"Jack","Geschatte leestijd":"1 minuut"},"schema":{"@context":"https:\/\/schema.org","@graph":[{"@type":"WebSite","@id":"http:\/\/www.durbuyrock.be\/#website","url":"http:\/\/www.durbuyrock.be\/","name":"Durbuy Rock Festival","description":"","potentialAction":[{"@type":"SearchAction","target":{"@type":"EntryPoint","urlTemplate":"http:\/\/www.durbuyrock.be\/?s={search_term_string}"},"query-input":"required name=search_term_string"}],"inLanguage":"nl-NL"},{"@type":"ImageObject","@id":"https:\/\/www.durbuyrock.be\/en\/voici-deja-notre-principale-tete-daffiche-pour-cette-28eme-edition\/#primaryimage","inLanguage":"nl-NL","url":"http:\/\/www.durbuyrock.be\/wp-content\/uploads\/2024\/09\/Eluveitie-DRF-2025-v2.jpg","contentUrl":"http:\/\/www.durbuyrock.be\/wp-content\/uploads\/2024\/09\/Eluveitie-DRF-2025-v2.jpg","width":"1000","height":"1000"},{"@type":"WebPage","@id":"https:\/\/www.durbuyrock.be\/en\/voici-deja-notre-principale-tete-daffiche-pour-cette-28eme-edition\/#webpage","url":"https:\/\/www.durbuyrock.be\/en\/voici-deja-notre-principale-tete-daffiche-pour-cette-28eme-edition\/","name":"[:fr]Voici d\u00e9j\u00e0 notre principale t\u00eate d'affiche pour cette 28\u00e9me \u00e9dition[:en]Here is already our main headliner for this 28th edition[:nl]Hier is alvast onze belangrijkste headliner voor deze 28e editie[:] - Durbuy Rock Festival","isPartOf":{"@id":"http:\/\/www.durbuyrock.be\/#website"},"primaryImageOfPage":{"@id":"https:\/\/www.durbuyrock.be\/en\/voici-deja-notre-principale-tete-daffiche-pour-cette-28eme-edition\/#primaryimage"},"datePublished":"2024-10-10T13:11:13+00:00","dateModified":"2024-10-10T13:14:48+00:00","author":{"@id":"http:\/\/www.durbuyrock.be\/#\/schema\/person\/424202f24347cb2e5e98f0f404df1cac"},"breadcrumb":{"@id":"https:\/\/www.durbuyrock.be\/en\/voici-deja-notre-principale-tete-daffiche-pour-cette-28eme-edition\/#breadcrumb"},"inLanguage":"nl-NL","potentialAction":[{"@type":"ReadAction","target":["https:\/\/www.durbuyrock.be\/en\/voici-deja-notre-principale-tete-daffiche-pour-cette-28eme-edition\/"]}]},{"@type":"BreadcrumbList","@id":"https:\/\/www.durbuyrock.be\/en\/voici-deja-notre-principale-tete-daffiche-pour-cette-28eme-edition\/#breadcrumb","itemListElement":[{"@type":"ListItem","position":1,"name":"Accueil","item":"http:\/\/www.durbuyrock.be\/"},{"@type":"ListItem","position":2,"name":"Here is already our main headliner for this 28th edition"}]},{"@type":"Person","@id":"http:\/\/www.durbuyrock.be\/#\/schema\/person\/424202f24347cb2e5e98f0f404df1cac","name":"Jack","image":{"@type":"ImageObject","@id":"http:\/\/www.durbuyrock.be\/#personlogo","inLanguage":"nl-NL","url":"http:\/\/2.gravatar.com\/avatar\/bb2fd4864196d4fe47623af42f741708?s=96&d=mm&r=g","contentUrl":"http:\/\/2.gravatar.com\/avatar\/bb2fd4864196d4fe47623af42f741708?s=96&d=mm&r=g","caption":"Jack"},"url":"http:\/\/www.durbuyrock.be\/nl\/author\/jack\/"}]}},"_links":{"self":[{"href":"http:\/\/www.durbuyrock.be\/nl\/wp-json\/wp\/v2\/posts\/29639"}],"collection":[{"href":"http:\/\/www.durbuyrock.be\/nl\/wp-json\/wp\/v2\/posts"}],"about":[{"href":"http:\/\/www.durbuyrock.be\/nl\/wp-json\/wp\/v2\/types\/post"}],"author":[{"embeddable":true,"href":"http:\/\/www.durbuyrock.be\/nl\/wp-json\/wp\/v2\/users\/10"}],"replies":[{"embeddable":true,"href":"http:\/\/www.durbuyrock.be\/nl\/wp-json\/wp\/v2\/comments?post=29639"}],"version-history":[{"count":1,"href":"http:\/\/www.durbuyrock.be\/nl\/wp-json\/wp\/v2\/posts\/29639\/revisions"}],"predecessor-version":[{"id":29640,"href":"http:\/\/www.durbuyrock.be\/nl\/wp-json\/wp\/v2\/posts\/29639\/revisions\/29640"}],"wp:featuredmedia":[{"embeddable":true,"href":"http:\/\/www.durbuyrock.be\/nl\/wp-json\/wp\/v2\/media\/29479"}],"wp:attachment":[{"href":"http:\/\/www.durbuyrock.be\/nl\/wp-json\/wp\/v2\/media?parent=29639"}],"wp:term":[{"taxonomy":"category","embeddable":true,"href":"http:\/\/www.durbuyrock.be\/nl\/wp-json\/wp\/v2\/categories?post=29639"},{"taxonomy":"post_tag","embeddable":true,"href":"http:\/\/www.durbuyrock.be\/nl\/wp-json\/wp\/v2\/tags?post=29639"}],"curies":[{"name":"wp","href":"https:\/\/api.w.org\/{rel}","templated":true}]}}